{"id":501,"date":"2016-06-07T11:05:13","date_gmt":"2016-06-07T11:05:13","guid":{"rendered":"http:\/\/masterbellasartes.umh.es\/?p=501"},"modified":"2016-06-07T11:05:13","modified_gmt":"2016-06-07T11:05:13","slug":"el-alumnado-del-master-se-acerca-al-mundo-profesional-con-la-segunda-edicion-del-clinic","status":"publish","type":"post","link":"https:\/\/mupia-masterbellasartes.umh.es\/en\/2016\/06\/07\/el-alumnado-del-master-se-acerca-al-mundo-profesional-con-la-segunda-edicion-del-clinic\/","title":{"rendered":"El alumnado del m\u00e1ster se acerca al mundo profesional con la segunda edici\u00f3n del CLINIC"},"content":{"rendered":"<p style=\"text-align: justify\"><a href=\"http:\/\/masterbellasartes.umh.es\/files\/2016\/06\/S1410012.jpg\"><img loading=\"lazy\" class=\"alignleft wp-image-502 size-medium\" src=\"http:\/\/masterbellasartes.umh.es\/files\/2016\/06\/S1410012-300x169.jpg\" alt=\"S1410012\" width=\"300\" height=\"169\" \/><\/a>El pasado martes se celebr\u00f3 la segunda edici\u00f3n del <a href=\"http:\/\/masterbellasartes.umh.es\/2016\/04\/18\/jovenes-artistas-y-profesionales-opinan-sobre-la-primera-edicion-del-clinic\/\">CLINIC<\/a>, un evento en el que durante un d\u00eda, los y las estudiantes del <a href=\"http:\/\/masterbellasartes.umh.es\/\">M\u00e1ster en Proyecto e Investigaci\u00f3n en Arte<\/a> tienen la oportunidad de compartir sus obras con expertos en el \u00e1mbito del <strong>arte<\/strong>: <strong>cr\u00edticos<\/strong> del sector, <strong>galeristas<\/strong> u otros artistas m\u00e1s experimentados. Durante el transcurso del mismo, cada uno de los estudiantes habla durante un tiempo determinado con todos los profesionales que han acudido, empap\u00e1ndose de sus conocimientos y compartiendo impresiones y experiencias, es decir, no es algo unidireccional del experto al estudiante; hay un <strong>feedback<\/strong>.<\/p>\n<p style=\"text-align: justify\">El evento, como la vez anterior, tuvo lugar en los <strong>boxes personalizados<\/strong> de los que dispone el alumnado del m\u00e1ster en el Campus de Altea, unos boxes en los que han tenido la oportunidad de trabajar durante todo el a\u00f1o en su obra con unos horarios flexibles. Como ellos mismos indican, no siempre puedes disponer de un espacio propio de varios metros cuadrados en el que dedicarle el tiempo necesario, ni en un entorno en el que dispones de las herramientas que necesitas para componer tu obra.<\/p>\n<p style=\"text-align: justify\">Con respecto a las impresiones del <strong>CLINIC<\/strong>, destacan la relaci\u00f3n entre el <strong>\u00e1mbito acad\u00e9mico<\/strong> y el <strong>profesional<\/strong> y laboral y la importancia de profundizar en su propia obra y ver de qu\u00e9 forma proyectarla fuera de la facultad. Seg\u00fan relatan, ese feedback les ayuda a ver nuevas perspectivas de sus trabajos que no hab\u00edan visto antes, algo que tambi\u00e9n indicaron\u00a0algunos\u00a0expertos al explicar que unos pocos alumnos incluso hab\u00edan sobrepasado los objetivos que se hab\u00edan marcado. En general, una experiencia bastante positiva, el culmen a un a\u00f1o de trabajo, y como coment\u00f3 uno de los expertos, &#8220;una oportunidad para que se acerquen a la realidad fuera del espacio acad\u00e9mico y para que se curtan con alguien que no es con quien tratan a diario de forma que les podamos decir sin tapujos lo que pensamos&#8221;.<\/p>\n","protected":false},"excerpt":{"rendered":"<p>El pasado martes se celebr\u00f3 la segunda edici\u00f3n del CLINIC, un evento en el que durante un d\u00eda, los y las estudiantes del M\u00e1ster en Proyecto e Investigaci\u00f3n en Arte tienen la oportunidad de compartir sus obras con expertos en el \u00e1mbito del arte: cr\u00edticos del sector, galeristas u otros artistas m\u00e1s experimentados. Durante el [&#8230;]<\/p>\n","protected":false},"author":5001,"featured_media":0,"comment_status":"open","ping_status":"open","sticky":false,"template":"","format":"standard","meta":{"_et_pb_use_builder":"","_et_pb_old_content":"","_et_gb_content_width":"","_links_to":"","_links_to_target":""},"categories":[726247,55532,726458],"tags":[726247,726458,3692,38],"_links":{"self":[{"href":"https:\/\/mupia-masterbellasartes.umh.es\/en\/wp-json\/wp\/v2\/posts\/501"}],"collection":[{"href":"https:\/\/mupia-masterbellasartes.umh.es\/en\/wp-json\/wp\/v2\/posts"}],"about":[{"href":"https:\/\/mupia-masterbellasartes.umh.es\/en\/wp-json\/wp\/v2\/types\/post"}],"author":[{"embeddable":true,"href":"https:\/\/mupia-masterbellasartes.umh.es\/en\/wp-json\/wp\/v2\/users\/5001"}],"replies":[{"embeddable":true,"href":"https:\/\/mupia-masterbellasartes.umh.es\/en\/wp-json\/wp\/v2\/comments?post=501"}],"version-history":[{"count":0,"href":"https:\/\/mupia-masterbellasartes.umh.es\/en\/wp-json\/wp\/v2\/posts\/501\/revisions"}],"wp:attachment":[{"href":"https:\/\/mupia-masterbellasartes.umh.es\/en\/wp-json\/wp\/v2\/media?parent=501"}],"wp:term":[{"taxonomy":"category","embeddable":true,"href":"https:\/\/mupia-masterbellasartes.umh.es\/en\/wp-json\/wp\/v2\/categories?post=501"},{"taxonomy":"post_tag","embeddable":true,"href":"https:\/\/mupia-masterbellasartes.umh.es\/en\/wp-json\/wp\/v2\/tags?post=501"}],"curies":[{"name":"wp","href":"https:\/\/api.w.org\/{rel}","templated":true}]}}