{"id":444,"date":"2015-11-05T12:58:48","date_gmt":"2015-11-05T12:58:48","guid":{"rendered":"http:\/\/masterbellasartes.umh.es\/?p=444"},"modified":"2015-11-05T12:58:48","modified_gmt":"2015-11-05T12:58:48","slug":"residencia-en-la-termica-y-premios-art-jove-dos-importantes-becas-de-2016-para-jovenes-artistas","status":"publish","type":"post","link":"https:\/\/mupia-masterbellasartes.umh.es\/en\/2015\/11\/05\/residencia-en-la-termica-y-premios-art-jove-dos-importantes-becas-de-2016-para-jovenes-artistas\/","title":{"rendered":"Residencia en La T\u00e9rmica y premios Art Jove, dos importantes becas de 2016 para j\u00f3venes artistas"},"content":{"rendered":"<p style=\"text-align: justify\"><a href=\"http:\/\/masterbellasartes.umh.es\/files\/2015\/11\/Festival-Creaci\u00f3n-530x354.jpg\"><img loading=\"lazy\" class=\"alignleft size-medium wp-image-445\" src=\"http:\/\/masterbellasartes.umh.es\/files\/2015\/11\/Festival-Creaci\u00f3n-530x354-300x200.jpg\" alt=\"Festival-Creaci\u00f3n-530x354\" width=\"300\" height=\"200\" \/><\/a>Hoy volvemos a hablar de nuevas oportunidades para<strong> j\u00f3venes artistas<\/strong> con dos importantes <strong>becas<\/strong> para el pr\u00f3ximo 2016, para que puedan desarrollar o impulsar su carrera y dar a conocer su obra. La primera de ellas es la que ofrece el centro de creaci\u00f3n y producci\u00f3n cultural contempor\u00e1nea <a href=\"http:\/\/www.latermicamalaga.com\/\">La T\u00e9rmica<\/a> (M\u00e1laga), que convoca por tercer a\u00f1o consecutivo el programa<strong> Creadores 2016<\/strong>. La convocatoria est\u00e1 abierta desde el 7 de octubre y finaliza el pr\u00f3ximo 30 de noviembre. Su objetivo es impulsar el desarrollo creativo y profesional de creadores que necesiten apoyo econ\u00f3mico, t\u00e9cnico, formativo y sobre todo que requieren de un espacio para exponer y dar vida a sus proyectos. En ese sentido, aqu\u00ed radica la importancia de esta beca como <strong>residente<\/strong>, abierta a artistas tanto nacionales como internacionales.<!--more--><\/p>\n<p style=\"text-align: justify\">El desarrollo del proyecto y la utilizaci\u00f3n de las instalaciones ser\u00e1 de un m\u00e1ximo de <strong>120 d\u00edas<\/strong> (de febrero a junio de 2016). Al finalizar la estancia, deber\u00e1n los beneficiarios deber\u00e1n presentar una memoria al comit\u00e9 de selecci\u00f3n de La T\u00e9rmica. Lo que ofrece el centro es alojamiento y espacio de formaci\u00f3n y trabajo, <strong>600\u20ac<\/strong> mensuales para gastos de producci\u00f3n, gastos de manutenci\u00f3n y durante la estancia, los artistas abonar\u00e1n los gastos de viaje, documentaci\u00f3n y seguro sanitario. En cualquier caso, las caracter\u00edsticas del espacio y otros factores variar\u00e1 dependiendo del tipo de proyecto que se est\u00e9 desarrollando. Habr\u00e1n de mostrar el avance de su obra al p\u00fablico en en fechas determinadas. Adem\u00e1s, en el Creadores 2016, participar\u00e1n en la exposici\u00f3n de sus proyectos en <strong>China<\/strong>, lo que supone un paso importante para seguir difundiendo su obra a nivel internacional. Para m\u00e1s informaci\u00f3n, <a href=\"http:\/\/www.latermicamalaga.com\/creacion-y-emprendimiento\/creadores-2016\/#\">aqu\u00ed <\/a>est\u00e1 la web oficial.<\/p>\n<p style=\"text-align: justify\">La otra beca de la que hablamos hoy la convoca la<a href=\"http:\/\/benestar.gencat.cat\/ca\/ambits_tematics\/joventut\/\"> Ag\u00e8ncia Catalana de la Joventut de la Generalitat de Catalunya<\/a>. Se trata de <strong>Art Jove<\/strong>, que busca desarrollar proyectos en el marco de la Sala d&#8217;Art Jove a lo largo de <strong>2016<\/strong>. El plazo para presentarse como candidato o candidata finaliza el 26 de noviembre a las 14:00 horas y hay dos modalidades: premios Art Jove a la <strong>producci\u00f3n<\/strong> y becas Art Jove para la <strong>mediaci\u00f3n<\/strong>. A su vez, cada una de las modalidades se divide en dos apartados: proyectos residentes y proyectos de colaboraci\u00f3n. Estas son las caracter\u00edsticas que ofrecen ambos:<\/p>\n<p style=\"text-align: justify\"><span style=\"text-decoration: underline\">Art Jove a la producci\u00f3n, proyecto residente:<\/span> se seleccionar\u00e1n un m\u00e1ximo de 10 propuestas con 800\u20ac a cada una.<br \/>\n<span style=\"text-decoration: underline\">Art Jove a la producci\u00f3n, proyecto de colaboraci\u00f3n:<\/span> para la modalidad de investigaci\u00f3n, 2 propuestas y 800\u20ac cada una; para edici\u00f3n, 2 propuestas y 1500\u20ac cada una; para acci\u00f3n, una propuesta y 1200\u20ac; para intervenci\u00f3n en relaci\u00f3n al paisaje y la naturaleza, una propuesta y 1200\u20ac; y para el \u00e1mbito muse\u00edstico y patrimonial, una propuesta y 1200\u20ac.<\/p>\n<p style=\"text-align: justify\"><span style=\"text-decoration: underline\">Art Jove a la mediaci\u00f3n, proyecto residente:<\/span> se seleccionar\u00e1 un m\u00e1ximo de 2 personas o colectivos para formar el equipo de mediaci\u00f3n de Art Jove 2016, con 1800\u20ac por propuesta.<br \/>\n<span style=\"text-decoration: underline\">Art Jove a la mediaci\u00f3n, proyecto de educaci\u00f3n:<\/span> se aceptar\u00e1n un m\u00e1ximo de 2 propuestas con 1200\u20ac cada una.<\/p>\n<p style=\"text-align: justify\">Para finalizar, destacar que en estas \u00faltimas becas, en muchos casos se colaborar\u00e1 con otros colectivos o instituciones culturales. Para una informaci\u00f3n, m\u00e1s completa, puedes pinchar <a href=\"http:\/\/saladartjove.cat\/i\/convocatoria-art-jove\/art-jove-2016\">aqu\u00ed<\/a>.<\/p>\n","protected":false},"excerpt":{"rendered":"<p>Hoy volvemos a hablar de nuevas oportunidades para j\u00f3venes artistas con dos importantes becas para el pr\u00f3ximo 2016, para que puedan desarrollar o impulsar su carrera y dar a conocer su obra. La primera de ellas es la que ofrece el centro de creaci\u00f3n y producci\u00f3n cultural contempor\u00e1nea La T\u00e9rmica (M\u00e1laga), que convoca por tercer [&#8230;]<\/p>\n","protected":false},"author":5001,"featured_media":0,"comment_status":"open","ping_status":"open","sticky":false,"template":"","format":"standard","meta":{"_et_pb_use_builder":"","_et_pb_old_content":"","_et_gb_content_width":"","_links_to":"","_links_to_target":""},"categories":[3051,1009],"tags":[14,3187,77891,48489],"_links":{"self":[{"href":"https:\/\/mupia-masterbellasartes.umh.es\/en\/wp-json\/wp\/v2\/posts\/444"}],"collection":[{"href":"https:\/\/mupia-masterbellasartes.umh.es\/en\/wp-json\/wp\/v2\/posts"}],"about":[{"href":"https:\/\/mupia-masterbellasartes.umh.es\/en\/wp-json\/wp\/v2\/types\/post"}],"author":[{"embeddable":true,"href":"https:\/\/mupia-masterbellasartes.umh.es\/en\/wp-json\/wp\/v2\/users\/5001"}],"replies":[{"embeddable":true,"href":"https:\/\/mupia-masterbellasartes.umh.es\/en\/wp-json\/wp\/v2\/comments?post=444"}],"version-history":[{"count":0,"href":"https:\/\/mupia-masterbellasartes.umh.es\/en\/wp-json\/wp\/v2\/posts\/444\/revisions"}],"wp:attachment":[{"href":"https:\/\/mupia-masterbellasartes.umh.es\/en\/wp-json\/wp\/v2\/media?parent=444"}],"wp:term":[{"taxonomy":"category","embeddable":true,"href":"https:\/\/mupia-masterbellasartes.umh.es\/en\/wp-json\/wp\/v2\/categories?post=444"},{"taxonomy":"post_tag","embeddable":true,"href":"https:\/\/mupia-masterbellasartes.umh.es\/en\/wp-json\/wp\/v2\/tags?post=444"}],"curies":[{"name":"wp","href":"https:\/\/api.w.org\/{rel}","templated":true}]}}