{"id":516,"date":"2016-12-22T09:54:15","date_gmt":"2016-12-22T09:54:15","guid":{"rendered":"http:\/\/masterbellasartes.umh.es\/?p=516"},"modified":"2016-12-22T09:54:15","modified_gmt":"2016-12-22T09:54:15","slug":"artistas-y-profesionales-del-master-de-bellas-artes-opinan-sobre-la-segunda-edicion-del-clinic","status":"publish","type":"post","link":"https:\/\/mupia-masterbellasartes.umh.es\/ca\/2016\/12\/22\/artistas-y-profesionales-del-master-de-bellas-artes-opinan-sobre-la-segunda-edicion-del-clinic\/","title":{"rendered":"Artistas y profesionales del M\u00e1ster de Bellas Artes opinan sobre la segunda edici\u00f3n del CLINIC"},"content":{"rendered":"<p>Este a\u00f1o volvi\u00f3 a celebrarse en <strong>Altea<\/strong> una nueva edici\u00f3n del <a href=\"http:\/\/masterbellasartes.umh.es\/2016\/06\/07\/el-alumnado-del-master-se-acerca-al-mundo-profesional-con-la-segunda-edicion-del-clinic\/\">CLINIC<\/a>, una oportunidad para el alumnado del m\u00e1ster, en el que durante toda la ma\u00f1ana intercambian impresiones sobre sus obras con profesionales del sector del <strong>arte<\/strong>: propios artistas y representantes de galer\u00edas. Tras la buena acogida que tuvo el del <a href=\"http:\/\/masterbellasartes.umh.es\/2016\/04\/18\/jovenes-artistas-y-profesionales-opinan-sobre-la-primera-edicion-del-clinic\/\">a\u00f1o pasado<\/a>, los protagonistas de este a\u00f1o tambi\u00e9n valoraron como bastante positivo el evento, as\u00ed que os dejamos con este v\u00eddeo m\u00e1s extenso en el que los y las participantes explican el por qu\u00e9 del <strong>CLINIC<\/strong> y c\u00f3mo se desarroll\u00f3.<\/p>\n","protected":false},"excerpt":{"rendered":"<p>Este a\u00f1o volvi\u00f3 a celebrarse en Altea una nueva edici\u00f3n del CLINIC, una oportunidad para el alumnado del m\u00e1ster, en el que durante toda la ma\u00f1ana intercambian impresiones sobre sus obras con profesionales del sector del arte: propios artistas y representantes de galer\u00edas. Tras la buena acogida que tuvo el del a\u00f1o pasado, los protagonistas [&#8230;]<\/p>\n","protected":false},"author":5001,"featured_media":0,"comment_status":"open","ping_status":"open","sticky":false,"template":"","format":"standard","meta":{"_et_pb_use_builder":"","_et_pb_old_content":"","_et_gb_content_width":"","_links_to":"","_links_to_target":""},"categories":[3051,726458],"tags":[3051,726458,357,3225],"_links":{"self":[{"href":"https:\/\/mupia-masterbellasartes.umh.es\/ca\/wp-json\/wp\/v2\/posts\/516"}],"collection":[{"href":"https:\/\/mupia-masterbellasartes.umh.es\/ca\/wp-json\/wp\/v2\/posts"}],"about":[{"href":"https:\/\/mupia-masterbellasartes.umh.es\/ca\/wp-json\/wp\/v2\/types\/post"}],"author":[{"embeddable":true,"href":"https:\/\/mupia-masterbellasartes.umh.es\/ca\/wp-json\/wp\/v2\/users\/5001"}],"replies":[{"embeddable":true,"href":"https:\/\/mupia-masterbellasartes.umh.es\/ca\/wp-json\/wp\/v2\/comments?post=516"}],"version-history":[{"count":0,"href":"https:\/\/mupia-masterbellasartes.umh.es\/ca\/wp-json\/wp\/v2\/posts\/516\/revisions"}],"wp:attachment":[{"href":"https:\/\/mupia-masterbellasartes.umh.es\/ca\/wp-json\/wp\/v2\/media?parent=516"}],"wp:term":[{"taxonomy":"category","embeddable":true,"href":"https:\/\/mupia-masterbellasartes.umh.es\/ca\/wp-json\/wp\/v2\/categories?post=516"},{"taxonomy":"post_tag","embeddable":true,"href":"https:\/\/mupia-masterbellasartes.umh.es\/ca\/wp-json\/wp\/v2\/tags?post=516"}],"curies":[{"name":"wp","href":"https:\/\/api.w.org\/{rel}","templated":true}]}}