{"id":2113,"date":"2019-05-29T11:29:24","date_gmt":"2019-05-29T11:29:24","guid":{"rendered":"http:\/\/masterbellasartes.umh.es\/?p=2113"},"modified":"2019-05-29T11:29:24","modified_gmt":"2019-05-29T11:29:24","slug":"conferencia-juana-frances-una-artista-entre-hombres-por-isabel-tejeda","status":"publish","type":"post","link":"https:\/\/mupia-masterbellasartes.umh.es\/ca\/2019\/05\/29\/conferencia-juana-frances-una-artista-entre-hombres-por-isabel-tejeda\/","title":{"rendered":"Conferencia \u201cJuana franc\u00e9s: Una artista entre hombres\u201d por Isabel Tejeda"},"content":{"rendered":"<p><strong>LA C\u00c1TEDRA ANETTA NICOLI REIVINDICA LA FIGURA DE JUANA FRANC\u00c9S EN EL MARCO DE LA NIT DE L\u2019ART DE ALTEA<\/strong><\/p>\n<p><strong>LA HISTORIADORA Y CR\u00cdTICA DE ARTE ISABEL TEJEDA IMPARTIR\u00c1 UNA CONFERENCIA CR\u00cdTICA SOBRE LA ARTISTA ALICANTINA <\/strong><\/p>\n<p><strong>TITULADA \u201cJUANA FRANC\u00c9S, UNA ARTISTA ENTRE HOMBRES\u201d<\/strong><\/p>\n<p><a href=\"http:\/\/masterbellasartes.umh.es\/files\/2019\/05\/Cartel-conferencia-Juana-Franc\u00e9s.jpg\"><img loading=\"lazy\" class=\"alignleft wp-image-2114 size-medium\" src=\"http:\/\/masterbellasartes.umh.es\/files\/2019\/05\/Cartel-conferencia-Juana-Franc\u00e9s-212x300.jpg\" alt=\"Isabel Tejeda\" width=\"212\" height=\"300\" \/><\/a>El pr\u00f3ximo <strong>jueves 30 de Mayo<\/strong>, la historiadora y cr\u00edtica de arte Isabel Tejeda impartir\u00e1 la conferencia: <strong>\u201cJuana franc\u00e9s: Una artista entre hombres\u201d<\/strong> en la que nos acercar\u00e1 al universo de esta artista Alicantina.<\/p>\n<p>Juana Franc\u00e9s fue una de las escasas mujeres que triunf\u00f3 en la escena art\u00edstica, tanto nacional como internacional, tras la posguerra y durante la dictadura franquista. Fue co-fundadora del Grupo El Paso, antes de su etapa informalista realiz\u00f3 una pintura figurativa en la que abord\u00f3 la representaci\u00f3n de la mujer. En los a\u00f1os 70 se introduce en una obra pol\u00edtica que denunciaba la deshumanizaci\u00f3n de la sociedad contempor\u00e1nea.<\/p>\n<p>El evento abre la programaci\u00f3n del festival \u201cLa Nit de l\u2019Art\u201d que tendr\u00e1 lugar los d\u00edas 30, 31 de Mayo y 1 de Junio en Altea, en el que se realizar\u00e1n numerosas actividades culturales para todos los p\u00fablicos distribuidas en diferentes espacios de la localidad de Altea.<\/p>\n<p>Esta iniciativa se enmarca en la programaci\u00f3n anual de la C\u00e1tedra Institucional de Estudios Art\u00edsticos Anetta Nicoli de la Universidad Miguel Hern\u00e1ndez de Elche, y cuenta con la colaboraci\u00f3n del Ayuntamiento de Altea, el Vicerrectorado de Cultura y Extensi\u00f3n Universitaria (UMH), la Unidad de Igualdad (UMH), el Departamento de Arte (UMH) y la Facultad de Bellas Artes (UMH), y la Plataforma Feminista de Altea.<\/p>\n<p>La conferencia tendr\u00e1 lugar el pr\u00f3ximo jueves 30 de Mayo a las 19:30h en el aula 3 del Edificio Albir de la Facultad de Bellas Artes de Altea.<\/p>\n<p>El acceso ser\u00e1 libre hasta completar aforo.<\/p>\n<p>Con car\u00e1cter previo se realizar\u00e1 una visita guiada por la Facultad, cuyo punto de encuentro es el acceso al Edificio Planet a las 18 h.<\/p>\n<p><span style=\"text-decoration: underline\">INFORMACI\u00d3N COMPLEMENTARIA<\/span><\/p>\n<p><strong>Isabel Tejeda <\/strong>es Doctora en Bellas Artes por la Universidad Polit\u00e9cnica de Valencia, Licenciada en Geograf\u00eda e Historia tambi\u00e9n por la UPV. Actualmente es Profesora Titular de la Universidad Murcia. De entre su trayectoria destaca el comisariado de numerosas exposiciones tanto en instituciones p\u00fablicas como el IVAM el instituto Alicantino de Cultura Juan Gil Albert, galer\u00edas de arte como Luis Adelantado en Valencia, o enclaves internacionales como Marruecos, Argentina, Francia, Gran Breta\u00f1a o Italia. Ha sido jurado en importantes cert\u00e1menes como la Bienal de El Cairo, o el Premio Nacional de Artes Pl\u00e1sticas del Ministerio de Cultura espa\u00f1ol, o el Premio Vel\u00e1zquez.<\/p>\n<p><span style=\"text-decoration: underline\">CONTACTO: <\/span><\/p>\n<p>David Vila Moscard\u00f3 \u2013 Secretario de la C\u00e1tedra de Estudios Art\u00edsticos Anetta Nicoli\u00a0\u2013 <a href=\"mailto:dvila@umh.es\">dvila@umh.es<\/a>\u00a0\u00a0\/ 656606267<\/p>\n","protected":false},"excerpt":{"rendered":"<p>LA C\u00c1TEDRA ANETTA NICOLI REIVINDICA LA FIGURA DE JUANA FRANC\u00c9S EN EL MARCO DE LA NIT DE L\u2019ART DE ALTEA<br \/>\nLA HISTORIADORA Y CR\u00cdTICA DE ARTE ISABEL TEJEDA IMPARTIR\u00c1 UNA CONFERENCIA CR\u00cdTICA SOBRE LA ARTISTA ALICANTINA<br \/>\nTITULADA \u201cJUANA FRANC\u00c9S, UNA ARTISTA ENTRE HOMBRES\u201d<br \/>\nEl pr\u00f3ximo jueves 30 de Mayo, la historiadora y cr\u00edtica de arte Isabel Tejeda [&#8230;]<\/p>\n","protected":false},"author":5001,"featured_media":2114,"comment_status":"open","ping_status":"open","sticky":false,"template":"","format":"standard","meta":{"_et_pb_use_builder":"","_et_pb_old_content":"","_et_gb_content_width":"","_links_to":"","_links_to_target":""},"categories":[3051,4,159],"tags":[],"_links":{"self":[{"href":"https:\/\/mupia-masterbellasartes.umh.es\/ca\/wp-json\/wp\/v2\/posts\/2113"}],"collection":[{"href":"https:\/\/mupia-masterbellasartes.umh.es\/ca\/wp-json\/wp\/v2\/posts"}],"about":[{"href":"https:\/\/mupia-masterbellasartes.umh.es\/ca\/wp-json\/wp\/v2\/types\/post"}],"author":[{"embeddable":true,"href":"https:\/\/mupia-masterbellasartes.umh.es\/ca\/wp-json\/wp\/v2\/users\/5001"}],"replies":[{"embeddable":true,"href":"https:\/\/mupia-masterbellasartes.umh.es\/ca\/wp-json\/wp\/v2\/comments?post=2113"}],"version-history":[{"count":0,"href":"https:\/\/mupia-masterbellasartes.umh.es\/ca\/wp-json\/wp\/v2\/posts\/2113\/revisions"}],"wp:featuredmedia":[{"embeddable":true,"href":"https:\/\/mupia-masterbellasartes.umh.es\/ca\/wp-json\/wp\/v2\/media\/2114"}],"wp:attachment":[{"href":"https:\/\/mupia-masterbellasartes.umh.es\/ca\/wp-json\/wp\/v2\/media?parent=2113"}],"wp:term":[{"taxonomy":"category","embeddable":true,"href":"https:\/\/mupia-masterbellasartes.umh.es\/ca\/wp-json\/wp\/v2\/categories?post=2113"},{"taxonomy":"post_tag","embeddable":true,"href":"https:\/\/mupia-masterbellasartes.umh.es\/ca\/wp-json\/wp\/v2\/tags?post=2113"}],"curies":[{"name":"wp","href":"https:\/\/api.w.org\/{rel}","templated":true}]}}