{"id":1959,"date":"2018-09-10T11:27:44","date_gmt":"2018-09-10T11:27:44","guid":{"rendered":"http:\/\/masterbellasartes.umh.es\/?p=1959"},"modified":"2018-09-10T11:27:44","modified_gmt":"2018-09-10T11:27:44","slug":"profesor-del-master-en-proyecto-en-investigacion-en-arte-premiado-por-la-universidad-de-granada","status":"publish","type":"post","link":"https:\/\/mupia-masterbellasartes.umh.es\/ca\/2018\/09\/10\/profesor-del-master-en-proyecto-en-investigacion-en-arte-premiado-por-la-universidad-de-granada\/","title":{"rendered":"Profesor del m\u00e1ster en Proyecto en Investigaci\u00f3n en Arte premiado por la Universidad de Granada"},"content":{"rendered":"<p>El\u00a0profesor del\u00a0<strong>M\u00e1ster en Proyecto e Investigaci\u00f3n en Arte<\/strong> de la Universidad Miguel Hern\u00e1ndez,\u00a0<strong>David Trujillo,\u00a0<\/strong>ha sido premiado por la Direcci\u00f3n de Artes Visuales del <strong>Centro de Cultura Contempor\u00e1nea del Vicerrectorado de Extensi\u00f3n Universitaria de la Universidad de Granada.<\/strong><\/p>\n<p><a href=\"http:\/\/masterbellasartes.umh.es\/files\/2018\/09\/10-09-18-premio-david-trujillo2.jpg\"><img loading=\"lazy\" class=\"aligncenter wp-image-2087 size-medium\" title=\"https:\/\/comunicacion.umh.es\/files\/2018\/09\/10-09-18-premio-david-trujillo2.jpg\" src=\"http:\/\/masterbellasartes.umh.es\/files\/2018\/09\/10-09-18-premio-david-trujillo2-232x300.jpg\" alt=\"10-09-18-premio-david-trujillo2\" width=\"232\" height=\"300\" \/><\/a><\/p>\n<p>En concreto, el profesor del \u00e1rea de escultura\u00a0desarrollar\u00e1 el proyecto <strong>&#8216;Cuentos hertzianos&#8217;<\/strong>, que se inaugurar\u00e1 en abril de 2019 en el Centro de Cultura Contempor\u00e1nea La Madraza de Granada y estar\u00e1 abierto al p\u00fablico hasta julio. Los resultados de este proyecto se materializar\u00e1n en forma de obras pict\u00f3ricas, instalaciones, videoarte y paisajes sonoros.<\/p>\n<p>M\u00e1s informaci\u00f3n:\u00a0<a href=\"http:\/\/comunicacion.umh.es\/2018\/09\/10\/el-profesor-de-la-umh-david-trujillo-premiado-por-la-universidad-de-granada-para-desarrollar-el-proyecto-artistico-cuentos-hertzianos\/\" target=\"_blank\" rel=\"noopener\">http:\/\/comunicacion.umh.es\/2018\/09\/10\/el-profesor-de-la-umh-david-trujillo-premiado-por-la-universidad-de-granada-para-desarrollar-el-proyecto-artistico-cuentos-hertzianos\/<\/a><\/p>\n","protected":false},"excerpt":{"rendered":"<p>La Direcci\u00f3n de Artes Visuales del Centro de Cultura Contempor\u00e1nea del Vicerrectorado de Extensi\u00f3n Universitaria de la Universidad de Granada ha otorgado al profesor del M\u00e1ster en Proyecto e Investigaci\u00f3n en Arte de la UMH David Trujillo la ayuda a la producci\u00f3n art\u00edstica 2018.<\/p>\n","protected":false},"author":5001,"featured_media":1960,"comment_status":"open","ping_status":"open","sticky":false,"template":"","format":"standard","meta":{"_et_pb_use_builder":"","_et_pb_old_content":"","_et_gb_content_width":"","_links_to":"","_links_to_target":""},"categories":[3051,567,55532,3182,4,67904,568,81,159],"tags":[],"_links":{"self":[{"href":"https:\/\/mupia-masterbellasartes.umh.es\/ca\/wp-json\/wp\/v2\/posts\/1959"}],"collection":[{"href":"https:\/\/mupia-masterbellasartes.umh.es\/ca\/wp-json\/wp\/v2\/posts"}],"about":[{"href":"https:\/\/mupia-masterbellasartes.umh.es\/ca\/wp-json\/wp\/v2\/types\/post"}],"author":[{"embeddable":true,"href":"https:\/\/mupia-masterbellasartes.umh.es\/ca\/wp-json\/wp\/v2\/users\/5001"}],"replies":[{"embeddable":true,"href":"https:\/\/mupia-masterbellasartes.umh.es\/ca\/wp-json\/wp\/v2\/comments?post=1959"}],"version-history":[{"count":0,"href":"https:\/\/mupia-masterbellasartes.umh.es\/ca\/wp-json\/wp\/v2\/posts\/1959\/revisions"}],"wp:featuredmedia":[{"embeddable":true,"href":"https:\/\/mupia-masterbellasartes.umh.es\/ca\/wp-json\/wp\/v2\/media\/1960"}],"wp:attachment":[{"href":"https:\/\/mupia-masterbellasartes.umh.es\/ca\/wp-json\/wp\/v2\/media?parent=1959"}],"wp:term":[{"taxonomy":"category","embeddable":true,"href":"https:\/\/mupia-masterbellasartes.umh.es\/ca\/wp-json\/wp\/v2\/categories?post=1959"},{"taxonomy":"post_tag","embeddable":true,"href":"https:\/\/mupia-masterbellasartes.umh.es\/ca\/wp-json\/wp\/v2\/tags?post=1959"}],"curies":[{"name":"wp","href":"https:\/\/api.w.org\/{rel}","templated":true}]}}