{"id":1921,"date":"2018-05-08T06:41:10","date_gmt":"2018-05-08T06:41:10","guid":{"rendered":"http:\/\/masterbellasartes.umh.es\/?p=1921"},"modified":"2018-05-08T06:41:10","modified_gmt":"2018-05-08T06:41:10","slug":"audiencia-publica-la-acreditacion-del-master-universitario-proyecto-e-investigacion-arte","status":"publish","type":"post","link":"https:\/\/mupia-masterbellasartes.umh.es\/ca\/2018\/05\/08\/audiencia-publica-la-acreditacion-del-master-universitario-proyecto-e-investigacion-arte\/","title":{"rendered":"Audiencia P\u00fablica para la acreditaci\u00f3n del M\u00e1ster Universitario en Proyecto e Investigaci\u00f3n en Arte"},"content":{"rendered":"<p><a href=\"http:\/\/masterbellasartes.umh.es\/files\/2018\/05\/UMH-Altea_MG_6807.jpg\"><img loading=\"lazy\" class=\"alignleft size-medium wp-image-1922\" src=\"http:\/\/masterbellasartes.umh.es\/files\/2018\/05\/UMH-Altea_MG_6807-300x200.jpg\" alt=\"UMH Altea_MG_6807\" width=\"300\" height=\"200\" \/><\/a>El<strong>\u00a0viernes 11 de mayo<\/strong> de 2018, a las <strong>10.00 horas<\/strong>, se realiza la <strong>Audiencia P\u00fablica <\/strong>para la acreditaci\u00f3n<strong> del M\u00e1ster Universitario en Proyecto e Investigaci\u00f3n en Arte<\/strong>.<\/p>\n<p>Este acto tendr\u00e1 lugar en la Sala de Grados del Edificio Albir (junto a Conserjer\u00eda) de la Facultad de Bellas Artes del Campus de Altea (Universidad Miguel Hern\u00e1ndez).<\/p>\n<div id=\"fit-vids-style\" class=\"fit-vids-style\">\u00ad<\/div>\n<p>Si eres profesor, estudiante, titulado o PAS del M\u00e1ster y quieres dar tu opini\u00f3n sobre la titulaci\u00f3n, puedes participar en la evaluaci\u00f3n y\u00a0aportar\u00a0tu experiencia.<\/p>\n<p>La acreditaci\u00f3n es un proceso de evaluaci\u00f3n que realizan auditores externos de la Agencia Valenciana d\u2019Avaluaci\u00f3 i Prospectiva (AVAP) para asegurar la calidad de la ense\u00f1anza impartida en las titulaciones, adem\u00e1s de verificar que \u00e9stas cumplen sus compromisos.<\/p>\n<div id=\"wrap\"><\/div>\n","protected":false},"excerpt":{"rendered":"<p>El\u00a0viernes 11 de mayo de 2018, a las 10.00 horas, se realiza la Audiencia P\u00fablica para la acreditaci\u00f3n del M\u00e1ster Universitario en Proyecto e Investigaci\u00f3n en Arte.<br \/>\nEste acto tendr\u00e1 lugar en la Sala de Grados del Edificio Albir (junto a Conserjer\u00eda) de la Facultad de Bellas Artes del Campus de Altea (Universidad Miguel Hern\u00e1ndez).<br \/>\n\u00ad<br \/>\nSi eres [&#8230;]<\/p>\n","protected":false},"author":5001,"featured_media":0,"comment_status":"open","ping_status":"open","sticky":false,"template":"","format":"standard","meta":{"_et_pb_use_builder":"","_et_pb_old_content":"","_et_gb_content_width":"","_links_to":"","_links_to_target":""},"categories":[4],"tags":[],"_links":{"self":[{"href":"https:\/\/mupia-masterbellasartes.umh.es\/ca\/wp-json\/wp\/v2\/posts\/1921"}],"collection":[{"href":"https:\/\/mupia-masterbellasartes.umh.es\/ca\/wp-json\/wp\/v2\/posts"}],"about":[{"href":"https:\/\/mupia-masterbellasartes.umh.es\/ca\/wp-json\/wp\/v2\/types\/post"}],"author":[{"embeddable":true,"href":"https:\/\/mupia-masterbellasartes.umh.es\/ca\/wp-json\/wp\/v2\/users\/5001"}],"replies":[{"embeddable":true,"href":"https:\/\/mupia-masterbellasartes.umh.es\/ca\/wp-json\/wp\/v2\/comments?post=1921"}],"version-history":[{"count":0,"href":"https:\/\/mupia-masterbellasartes.umh.es\/ca\/wp-json\/wp\/v2\/posts\/1921\/revisions"}],"wp:attachment":[{"href":"https:\/\/mupia-masterbellasartes.umh.es\/ca\/wp-json\/wp\/v2\/media?parent=1921"}],"wp:term":[{"taxonomy":"category","embeddable":true,"href":"https:\/\/mupia-masterbellasartes.umh.es\/ca\/wp-json\/wp\/v2\/categories?post=1921"},{"taxonomy":"post_tag","embeddable":true,"href":"https:\/\/mupia-masterbellasartes.umh.es\/ca\/wp-json\/wp\/v2\/tags?post=1921"}],"curies":[{"name":"wp","href":"https:\/\/api.w.org\/{rel}","templated":true}]}}