{"id":1902,"date":"2018-04-19T09:33:32","date_gmt":"2018-04-19T09:33:32","guid":{"rendered":"http:\/\/masterbellasartes.umh.es\/?p=1902"},"modified":"2018-04-19T09:33:32","modified_gmt":"2018-04-19T09:33:32","slug":"la-profesora-susana-guerrero-expone-la-iii-edicion-la-feria-gabinete-art-fair-2018-madrid","status":"publish","type":"post","link":"https:\/\/mupia-masterbellasartes.umh.es\/ca\/2018\/04\/19\/la-profesora-susana-guerrero-expone-la-iii-edicion-la-feria-gabinete-art-fair-2018-madrid\/","title":{"rendered":"La profesora Susana Guerrero expone en la III edici\u00f3n de la feria GABINETE ART FAIR 2018 en Madrid"},"content":{"rendered":"<h2><a href=\"http:\/\/www.gabineteartfair.art\/\" target=\"_blank\" rel=\"noopener\"><strong>GABINETE Art Fair &#8216;Works on Paper &amp; Fine Arts&#8217;<\/strong><\/a> es la feria en la que participa<strong> la profesora de la Facultad de Bellas Artes de la Universidad Miguel Hern\u00e1ndez (UMH) Susana Guerrero<\/strong>, representada por la <strong>Thomas Jaeckel Gallery de Nueva York (EEUU)<\/strong>.<\/h2>\n<p>En concreto, Guerrero expone &#8216;La Mare del Peixos&#8217;, una instalaci\u00f3n de xilograf\u00eda sobre piel y cer\u00e1mica esmaltada, y los dibujos &#8216;Casco-Elewua&#8217;, &#8216;Bomba y filtros de sangre&#8217;, &#8216;Casco-Elewua II&#8217;, &#8216;Fiera&#8217; y &#8216;Bomba y filtros de sangre II&#8217;. Este evento se celebra <strong>hasta el 22 de abril en el Fern\u00e1n G\u00f3mez Centro Cultural de la Villa en Madrid<\/strong>.<\/p>\n<p>La feria GABINETE\u00a0Art Fair\u00a0incluye en su <strong>III edici\u00f3n<\/strong> novedades como la inauguraci\u00f3n del &#8216;\u00c1rea de GABINETE Masters&#8217;, secci\u00f3n que enriquecer\u00e1 la oferta general de la Feria de Works on Paper con<strong> obras maestras de la pintura de coleccionismo<\/strong>\u00a0en formato de gabinete.<\/p>\n<p>M\u00e1s informaci\u00f3n en:\u00a0<a href=\"http:\/\/comunicacion.umh.es\/2018\/04\/18\/la-profesora-susana-guerrero-expone-en-la-iii-edicion-de-la-feria-gabinete-art-fair-2018-en-madrid\/\" target=\"_blank\" rel=\"noopener\">http:\/\/comunicacion.umh.es\/2018\/04\/18\/la-profesora-susana-guerrero-expone-en-la-iii-edicion-de-la-feria-gabinete-art-fair-2018-en-madrid\/<\/a><\/p>\n","protected":false},"excerpt":{"rendered":"<p>GABINETE Art Fair &#8216;Works on Paper &amp; Fine Arts&#8217; es la feria en la que participa la profesora de la Facultad de Bellas Artes de la Universidad Miguel Hern\u00e1ndez (UMH) Susana Guerrero, representada por la Thomas Jaeckel Gallery de Nueva York (EEUU). <\/p>\n","protected":false},"author":5001,"featured_media":1903,"comment_status":"open","ping_status":"open","sticky":false,"template":"","format":"standard","meta":{"_et_pb_use_builder":"","_et_pb_old_content":"","_et_gb_content_width":"","_links_to":"","_links_to_target":""},"categories":[3051,55532,3182,67904,568,635,81,159],"tags":[735583],"_links":{"self":[{"href":"https:\/\/mupia-masterbellasartes.umh.es\/ca\/wp-json\/wp\/v2\/posts\/1902"}],"collection":[{"href":"https:\/\/mupia-masterbellasartes.umh.es\/ca\/wp-json\/wp\/v2\/posts"}],"about":[{"href":"https:\/\/mupia-masterbellasartes.umh.es\/ca\/wp-json\/wp\/v2\/types\/post"}],"author":[{"embeddable":true,"href":"https:\/\/mupia-masterbellasartes.umh.es\/ca\/wp-json\/wp\/v2\/users\/5001"}],"replies":[{"embeddable":true,"href":"https:\/\/mupia-masterbellasartes.umh.es\/ca\/wp-json\/wp\/v2\/comments?post=1902"}],"version-history":[{"count":0,"href":"https:\/\/mupia-masterbellasartes.umh.es\/ca\/wp-json\/wp\/v2\/posts\/1902\/revisions"}],"wp:featuredmedia":[{"embeddable":true,"href":"https:\/\/mupia-masterbellasartes.umh.es\/ca\/wp-json\/wp\/v2\/media\/1903"}],"wp:attachment":[{"href":"https:\/\/mupia-masterbellasartes.umh.es\/ca\/wp-json\/wp\/v2\/media?parent=1902"}],"wp:term":[{"taxonomy":"category","embeddable":true,"href":"https:\/\/mupia-masterbellasartes.umh.es\/ca\/wp-json\/wp\/v2\/categories?post=1902"},{"taxonomy":"post_tag","embeddable":true,"href":"https:\/\/mupia-masterbellasartes.umh.es\/ca\/wp-json\/wp\/v2\/tags?post=1902"}],"curies":[{"name":"wp","href":"https:\/\/api.w.org\/{rel}","templated":true}]}}